{"id":9965,"date":"2025-01-09T12:48:10","date_gmt":"2025-01-09T11:48:10","guid":{"rendered":"https:\/\/umig.olkusz.pl\/?p=9965"},"modified":"2025-01-09T12:48:10","modified_gmt":"2025-01-09T11:48:10","slug":"9-stycznia-2025-3","status":"publish","type":"post","link":"https:\/\/umig.olkusz.pl\/index.php\/2025\/01\/09\/9-stycznia-2025-3\/","title":{"rendered":"9 stycznia 2025"},"content":{"rendered":"\n<p><a href=\"https:\/\/bip.malopolska.pl\/umigolkusz,a,2591968,zarzadzenie-nr-00505012024-burmistrza-miasta-i-gminy-olkusz-z-dnia-31122024-r-w-sprawie-ogloszenia-o.html\">Zarz\u0105dzenie nr 0050.501.2024 Burmistrza Miasta i Gminy Olkusz z dnia 31.12.2024 r. w sprawie og\u0142oszenia otwartego konkursu ofert na realizacj\u0119 zadania publicznego z zakresu pomocy spo\u0142ecznej pn. \u201eCentrum Seniora \u2013 klub samopomocy dla os\u00f3b w podesz\u0142ym wieku na Osiedlu Pakuska\u201d oraz powo\u0142ania Komisji Konkursowej<\/a><\/p>\n","protected":false},"excerpt":{"rendered":"<p>Zarz\u0105dzenie nr 0050.501.2024 Burmistrza Miasta i Gminy Olkusz z dnia 31.12.2024 r. w sprawie og\u0142oszenia otwartego konkursu ofert na realizacj\u0119 zadania publicznego z zakresu pomocy spo\u0142ecznej pn. \u201eCentrum Seniora \u2013 klub samopomocy dla os\u00f3b w podesz\u0142ym wieku na Osiedlu Pakuska\u201d oraz powo\u0142ania Komisji Konkursowej<\/p>\n","protected":false},"author":7,"featured_media":0,"comment_status":"closed","ping_status":"closed","sticky":false,"template":"","format":"standard","meta":{"ngg_post_thumbnail":0,"footnotes":""},"categories":[25],"tags":[],"post_folder":[],"class_list":["post-9965","post","type-post","status-publish","format-standard","hentry","category-ogloszenia"],"yoast_head":"<!-- This site is optimized with the Yoast SEO plugin v27.4 - https:\/\/yoast.com\/product\/yoast-seo-wordpress\/ -->\n<title>9 stycznia 2025 - Urz\u0105d Miasta i Gminy w Olkuszu<\/title>\n<meta name=\"robots\" content=\"index, follow, max-snippet:-1, max-image-preview:large, max-video-preview:-1\" \/>\n<link rel=\"canonical\" href=\"https:\/\/umig.olkusz.pl\/index.php\/2025\/01\/09\/9-stycznia-2025-3\/\" \/>\n<meta property=\"og:locale\" content=\"pl_PL\" \/>\n<meta property=\"og:type\" content=\"article\" \/>\n<meta property=\"og:title\" content=\"9 stycznia 2025 - Urz\u0105d Miasta i Gminy w Olkuszu\" \/>\n<meta property=\"og:description\" content=\"Zarz\u0105dzenie nr 0050.501.2024 Burmistrza Miasta i Gminy Olkusz z dnia 31.12.2024 r. w sprawie og\u0142oszenia otwartego konkursu ofert na realizacj\u0119 zadania publicznego z zakresu pomocy spo\u0142ecznej pn. \u201eCentrum Seniora \u2013 klub samopomocy dla os\u00f3b w podesz\u0142ym wieku na Osiedlu Pakuska\u201d oraz powo\u0142ania Komisji Konkursowej\" \/>\n<meta property=\"og:url\" content=\"https:\/\/umig.olkusz.pl\/index.php\/2025\/01\/09\/9-stycznia-2025-3\/\" \/>\n<meta property=\"og:site_name\" content=\"Urz\u0105d Miasta i Gminy w Olkuszu\" \/>\n<meta property=\"article:publisher\" content=\"https:\/\/www.facebook.com\/olkuszsrebrnemiasto\" \/>\n<meta property=\"article:published_time\" content=\"2025-01-09T11:48:10+00:00\" \/>\n<meta name=\"author\" content=\"Maciej Kalis\" \/>\n<meta name=\"twitter:card\" content=\"summary_large_image\" \/>\n<meta name=\"twitter:label1\" content=\"Napisane przez\" \/>\n\t<meta name=\"twitter:data1\" content=\"Maciej Kalis\" \/>\n\t<meta name=\"twitter:label2\" content=\"Szacowany czas czytania\" \/>\n\t<meta name=\"twitter:data2\" content=\"1 minuta\" \/>\n<script type=\"application\/ld+json\" class=\"yoast-schema-graph\">{\"@context\":\"https:\\\/\\\/schema.org\",\"@graph\":[{\"@type\":\"Article\",\"@id\":\"https:\\\/\\\/umig.olkusz.pl\\\/index.php\\\/2025\\\/01\\\/09\\\/9-stycznia-2025-3\\\/#article\",\"isPartOf\":{\"@id\":\"https:\\\/\\\/umig.olkusz.pl\\\/index.php\\\/2025\\\/01\\\/09\\\/9-stycznia-2025-3\\\/\"},\"author\":{\"name\":\"Maciej Kalis\",\"@id\":\"https:\\\/\\\/umig.olkusz.pl\\\/#\\\/schema\\\/person\\\/e320fc44f266172d0821b4b8134c3486\"},\"headline\":\"9 stycznia 2025\",\"datePublished\":\"2025-01-09T11:48:10+00:00\",\"mainEntityOfPage\":{\"@id\":\"https:\\\/\\\/umig.olkusz.pl\\\/index.php\\\/2025\\\/01\\\/09\\\/9-stycznia-2025-3\\\/\"},\"wordCount\":48,\"publisher\":{\"@id\":\"https:\\\/\\\/umig.olkusz.pl\\\/#organization\"},\"articleSection\":[\"Og\u0142oszenia\"],\"inLanguage\":\"pl-PL\"},{\"@type\":\"WebPage\",\"@id\":\"https:\\\/\\\/umig.olkusz.pl\\\/index.php\\\/2025\\\/01\\\/09\\\/9-stycznia-2025-3\\\/\",\"url\":\"https:\\\/\\\/umig.olkusz.pl\\\/index.php\\\/2025\\\/01\\\/09\\\/9-stycznia-2025-3\\\/\",\"name\":\"9 stycznia 2025 - Urz\u0105d Miasta i Gminy w Olkuszu\",\"isPartOf\":{\"@id\":\"https:\\\/\\\/umig.olkusz.pl\\\/#website\"},\"datePublished\":\"2025-01-09T11:48:10+00:00\",\"breadcrumb\":{\"@id\":\"https:\\\/\\\/umig.olkusz.pl\\\/index.php\\\/2025\\\/01\\\/09\\\/9-stycznia-2025-3\\\/#breadcrumb\"},\"inLanguage\":\"pl-PL\",\"potentialAction\":[{\"@type\":\"ReadAction\",\"target\":[\"https:\\\/\\\/umig.olkusz.pl\\\/index.php\\\/2025\\\/01\\\/09\\\/9-stycznia-2025-3\\\/\"]}]},{\"@type\":\"BreadcrumbList\",\"@id\":\"https:\\\/\\\/umig.olkusz.pl\\\/index.php\\\/2025\\\/01\\\/09\\\/9-stycznia-2025-3\\\/#breadcrumb\",\"itemListElement\":[{\"@type\":\"ListItem\",\"position\":1,\"name\":\"Strona g\u0142\u00f3wna\",\"item\":\"https:\\\/\\\/umig.olkusz.pl\\\/\"},{\"@type\":\"ListItem\",\"position\":2,\"name\":\"9 stycznia 2025\"}]},{\"@type\":\"WebSite\",\"@id\":\"https:\\\/\\\/umig.olkusz.pl\\\/#website\",\"url\":\"https:\\\/\\\/umig.olkusz.pl\\\/\",\"name\":\"Urz\u0105d Miasta i Gminy w Olkuszu\",\"description\":\"Urz\u0105d Miasta i Gminy w Olkuszu\",\"publisher\":{\"@id\":\"https:\\\/\\\/umig.olkusz.pl\\\/#organization\"},\"potentialAction\":[{\"@type\":\"SearchAction\",\"target\":{\"@type\":\"EntryPoint\",\"urlTemplate\":\"https:\\\/\\\/umig.olkusz.pl\\\/?s={search_term_string}\"},\"query-input\":{\"@type\":\"PropertyValueSpecification\",\"valueRequired\":true,\"valueName\":\"search_term_string\"}}],\"inLanguage\":\"pl-PL\"},{\"@type\":\"Organization\",\"@id\":\"https:\\\/\\\/umig.olkusz.pl\\\/#organization\",\"name\":\"Urz\u0105d Miasta i Gminy w Olkuszu\",\"url\":\"https:\\\/\\\/umig.olkusz.pl\\\/\",\"logo\":{\"@type\":\"ImageObject\",\"inLanguage\":\"pl-PL\",\"@id\":\"https:\\\/\\\/umig.olkusz.pl\\\/#\\\/schema\\\/logo\\\/image\\\/\",\"url\":\"https:\\\/\\\/umig.olkusz.pl\\\/wp-content\\\/uploads\\\/2023\\\/03\\\/herb_strona.jpg\",\"contentUrl\":\"https:\\\/\\\/umig.olkusz.pl\\\/wp-content\\\/uploads\\\/2023\\\/03\\\/herb_strona.jpg\",\"width\":614,\"height\":658,\"caption\":\"Urz\u0105d Miasta i Gminy w Olkuszu\"},\"image\":{\"@id\":\"https:\\\/\\\/umig.olkusz.pl\\\/#\\\/schema\\\/logo\\\/image\\\/\"},\"sameAs\":[\"https:\\\/\\\/www.facebook.com\\\/olkuszsrebrnemiasto\"]},{\"@type\":\"Person\",\"@id\":\"https:\\\/\\\/umig.olkusz.pl\\\/#\\\/schema\\\/person\\\/e320fc44f266172d0821b4b8134c3486\",\"name\":\"Maciej Kalis\",\"url\":\"https:\\\/\\\/umig.olkusz.pl\\\/index.php\\\/author\\\/maciej-kalis\\\/\"}]}<\/script>\n<!-- \/ Yoast SEO plugin. -->","yoast_head_json":{"title":"9 stycznia 2025 - Urz\u0105d Miasta i Gminy w Olkuszu","robots":{"index":"index","follow":"follow","max-snippet":"max-snippet:-1","max-image-preview":"max-image-preview:large","max-video-preview":"max-video-preview:-1"},"canonical":"https:\/\/umig.olkusz.pl\/index.php\/2025\/01\/09\/9-stycznia-2025-3\/","og_locale":"pl_PL","og_type":"article","og_title":"9 stycznia 2025 - Urz\u0105d Miasta i Gminy w Olkuszu","og_description":"Zarz\u0105dzenie nr 0050.501.2024 Burmistrza Miasta i Gminy Olkusz z dnia 31.12.2024 r. w sprawie og\u0142oszenia otwartego konkursu ofert na realizacj\u0119 zadania publicznego z zakresu pomocy spo\u0142ecznej pn. \u201eCentrum Seniora \u2013 klub samopomocy dla os\u00f3b w podesz\u0142ym wieku na Osiedlu Pakuska\u201d oraz powo\u0142ania Komisji Konkursowej","og_url":"https:\/\/umig.olkusz.pl\/index.php\/2025\/01\/09\/9-stycznia-2025-3\/","og_site_name":"Urz\u0105d Miasta i Gminy w Olkuszu","article_publisher":"https:\/\/www.facebook.com\/olkuszsrebrnemiasto","article_published_time":"2025-01-09T11:48:10+00:00","author":"Maciej Kalis","twitter_card":"summary_large_image","twitter_misc":{"Napisane przez":"Maciej Kalis","Szacowany czas czytania":"1 minuta"},"schema":{"@context":"https:\/\/schema.org","@graph":[{"@type":"Article","@id":"https:\/\/umig.olkusz.pl\/index.php\/2025\/01\/09\/9-stycznia-2025-3\/#article","isPartOf":{"@id":"https:\/\/umig.olkusz.pl\/index.php\/2025\/01\/09\/9-stycznia-2025-3\/"},"author":{"name":"Maciej Kalis","@id":"https:\/\/umig.olkusz.pl\/#\/schema\/person\/e320fc44f266172d0821b4b8134c3486"},"headline":"9 stycznia 2025","datePublished":"2025-01-09T11:48:10+00:00","mainEntityOfPage":{"@id":"https:\/\/umig.olkusz.pl\/index.php\/2025\/01\/09\/9-stycznia-2025-3\/"},"wordCount":48,"publisher":{"@id":"https:\/\/umig.olkusz.pl\/#organization"},"articleSection":["Og\u0142oszenia"],"inLanguage":"pl-PL"},{"@type":"WebPage","@id":"https:\/\/umig.olkusz.pl\/index.php\/2025\/01\/09\/9-stycznia-2025-3\/","url":"https:\/\/umig.olkusz.pl\/index.php\/2025\/01\/09\/9-stycznia-2025-3\/","name":"9 stycznia 2025 - Urz\u0105d Miasta i Gminy w Olkuszu","isPartOf":{"@id":"https:\/\/umig.olkusz.pl\/#website"},"datePublished":"2025-01-09T11:48:10+00:00","breadcrumb":{"@id":"https:\/\/umig.olkusz.pl\/index.php\/2025\/01\/09\/9-stycznia-2025-3\/#breadcrumb"},"inLanguage":"pl-PL","potentialAction":[{"@type":"ReadAction","target":["https:\/\/umig.olkusz.pl\/index.php\/2025\/01\/09\/9-stycznia-2025-3\/"]}]},{"@type":"BreadcrumbList","@id":"https:\/\/umig.olkusz.pl\/index.php\/2025\/01\/09\/9-stycznia-2025-3\/#breadcrumb","itemListElement":[{"@type":"ListItem","position":1,"name":"Strona g\u0142\u00f3wna","item":"https:\/\/umig.olkusz.pl\/"},{"@type":"ListItem","position":2,"name":"9 stycznia 2025"}]},{"@type":"WebSite","@id":"https:\/\/umig.olkusz.pl\/#website","url":"https:\/\/umig.olkusz.pl\/","name":"Urz\u0105d Miasta i Gminy w Olkuszu","description":"Urz\u0105d Miasta i Gminy w Olkuszu","publisher":{"@id":"https:\/\/umig.olkusz.pl\/#organization"},"potentialAction":[{"@type":"SearchAction","target":{"@type":"EntryPoint","urlTemplate":"https:\/\/umig.olkusz.pl\/?s={search_term_string}"},"query-input":{"@type":"PropertyValueSpecification","valueRequired":true,"valueName":"search_term_string"}}],"inLanguage":"pl-PL"},{"@type":"Organization","@id":"https:\/\/umig.olkusz.pl\/#organization","name":"Urz\u0105d Miasta i Gminy w Olkuszu","url":"https:\/\/umig.olkusz.pl\/","logo":{"@type":"ImageObject","inLanguage":"pl-PL","@id":"https:\/\/umig.olkusz.pl\/#\/schema\/logo\/image\/","url":"https:\/\/umig.olkusz.pl\/wp-content\/uploads\/2023\/03\/herb_strona.jpg","contentUrl":"https:\/\/umig.olkusz.pl\/wp-content\/uploads\/2023\/03\/herb_strona.jpg","width":614,"height":658,"caption":"Urz\u0105d Miasta i Gminy w Olkuszu"},"image":{"@id":"https:\/\/umig.olkusz.pl\/#\/schema\/logo\/image\/"},"sameAs":["https:\/\/www.facebook.com\/olkuszsrebrnemiasto"]},{"@type":"Person","@id":"https:\/\/umig.olkusz.pl\/#\/schema\/person\/e320fc44f266172d0821b4b8134c3486","name":"Maciej Kalis","url":"https:\/\/umig.olkusz.pl\/index.php\/author\/maciej-kalis\/"}]}},"_links":{"self":[{"href":"https:\/\/umig.olkusz.pl\/index.php\/wp-json\/wp\/v2\/posts\/9965","targetHints":{"allow":["GET"]}}],"collection":[{"href":"https:\/\/umig.olkusz.pl\/index.php\/wp-json\/wp\/v2\/posts"}],"about":[{"href":"https:\/\/umig.olkusz.pl\/index.php\/wp-json\/wp\/v2\/types\/post"}],"author":[{"embeddable":true,"href":"https:\/\/umig.olkusz.pl\/index.php\/wp-json\/wp\/v2\/users\/7"}],"replies":[{"embeddable":true,"href":"https:\/\/umig.olkusz.pl\/index.php\/wp-json\/wp\/v2\/comments?post=9965"}],"version-history":[{"count":1,"href":"https:\/\/umig.olkusz.pl\/index.php\/wp-json\/wp\/v2\/posts\/9965\/revisions"}],"predecessor-version":[{"id":9966,"href":"https:\/\/umig.olkusz.pl\/index.php\/wp-json\/wp\/v2\/posts\/9965\/revisions\/9966"}],"wp:attachment":[{"href":"https:\/\/umig.olkusz.pl\/index.php\/wp-json\/wp\/v2\/media?parent=9965"}],"wp:term":[{"taxonomy":"category","embeddable":true,"href":"https:\/\/umig.olkusz.pl\/index.php\/wp-json\/wp\/v2\/categories?post=9965"},{"taxonomy":"post_tag","embeddable":true,"href":"https:\/\/umig.olkusz.pl\/index.php\/wp-json\/wp\/v2\/tags?post=9965"},{"taxonomy":"post_folder","embeddable":true,"href":"https:\/\/umig.olkusz.pl\/index.php\/wp-json\/wp\/v2\/post_folder?post=9965"}],"curies":[{"name":"wp","href":"https:\/\/api.w.org\/{rel}","templated":true}]}}